{"id":1272,"date":"2020-03-21T18:15:00","date_gmt":"2020-03-21T17:15:00","guid":{"rendered":"http:\/\/claudiamendizabal.com\/?p=1272"},"modified":"2021-06-20T15:27:38","modified_gmt":"2021-06-20T13:27:38","slug":"en-los-recovecos","status":"publish","type":"post","link":"https:\/\/claudiamendizabal.com\/index.php\/2020\/03\/21\/en-los-recovecos\/","title":{"rendered":"En los recovecos"},"content":{"rendered":"\t\t<div data-elementor-type=\"wp-post\" data-elementor-id=\"1272\" class=\"elementor elementor-1272\">\n\t\t\t\t\t\t<section class=\"elementor-section elementor-top-section elementor-element elementor-element-1b2a6f5 elementor-section-boxed elementor-section-height-default elementor-section-height-default wpr-particle-no wpr-jarallax-no wpr-parallax-no wpr-sticky-section-no wpr-equal-height-no\" data-id=\"1b2a6f5\" data-element_type=\"section\" data-e-type=\"section\">\n\t\t\t\t\t\t<div class=\"elementor-container elementor-column-gap-default\">\n\t\t\t\t\t<div class=\"elementor-column elementor-col-100 elementor-top-column elementor-element elementor-element-dc1c3e5\" data-id=\"dc1c3e5\" data-element_type=\"column\" data-e-type=\"column\">\n\t\t\t<div class=\"elementor-widget-wrap elementor-element-populated\">\n\t\t\t\t\t\t<div class=\"elementor-element elementor-element-1770ac9 elementor-widget elementor-widget-text-editor\" data-id=\"1770ac9\" data-element_type=\"widget\" data-e-type=\"widget\" data-widget_type=\"text-editor.default\">\n\t\t\t\t<div class=\"elementor-widget-container\">\n\t\t\t\t\t\t\t\t\t<p>En silencio, camino, en silencio. Con atenci\u00f3n para no exponerme. Escucho la quietud de la ciudad. Abro bien los ojos. Las sombras de los \u00e1rboles se proyectan en las calles vac\u00edas, los cerezos de Jap\u00f3n reci\u00e9n en flor resplandecen bajo el cielo despejado. Es primavera. Las margaritas blancas que recib\u00ed en el Alba por internet afloran a mi consciencia.<\/p><p>\u00a0<\/p><p>Las sensaciones se acumulan en mi cuerpo. Me embriago con todo lo que me bebo del mundo, pero no digo nada\u2026 no lo hago, pero quiz\u00e1s en alguna ocasi\u00f3n me sorprender\u00e9 evocando este momento en mi escritura. Y me sorprender\u00e9 porque en el instante mismo, casi nunca advierto que lo que experimento me conmueve tanto.<\/p><p>\u00a0<\/p><p>Mi cuerpo est\u00e1 lleno de recovecos. Las sensaciones transitan en ellos, dejando huellas. Unas voces me sobresaltan. Veo tres personas en mi camino. Me estremezco. Avanzo con prudencia como si pudiera hacerles da\u00f1o, como si pudieran quitarme lo que llevo adentro, como si pudiera quebrarse lo que atesoro. Es mi mirada del mundo, c\u00f3mo me lo como y lo saboreo. C\u00f3mo camino sobre \u00e9l y me sostiene. Para no caer, para no desvanecerme.<\/p><p>\u00a0<\/p><p>Las piernas me tiemblan. Tambi\u00e9n podr\u00eda absorberme. Miedos irracionales se incrustan en mi piel. Realidades resuenan en las vibraciones de mi cuerpo. Vuelvo a casa. Hablo. Y cuando lo hago yo s\u00e9 que es para protegerme. No es mi alma la que dice algo, sino esa voz que sale de mi garganta para ocultar la que viene desde adentro&#8230; \u00bfPor qu\u00e9 no quiere mostrarse? \u00bfQu\u00e9 es tan indigno para no ser revelado? \u00bfSu fragilidad?<\/p><p>\u00a0<\/p><p>Miedo de lo que no puedo controlar, de lo que ya no tiene control: el avance desaforado del p\u00e1nico. Guardar las distancias sociales m\u00e1s de lo habitual para no quedar aplastada por esa avalancha, para seguir latiendo en el interior de mi cuerpo, de mi casa, del amor de los m\u00edos, para seguir bebi\u00e9ndome el mundo a\u00fan en el encierro. No quiero someterme al terror.<\/p><p>\u00a0<\/p><p>A parte de acatar las medidas de seguridad recomendadas para evitar la propagaci\u00f3n y el contagio, para cuidar de m\u00ed y de mi entorno, \u00bfQu\u00e9 puedo hacer?<\/p><p>\u00a0<\/p><p>Ya no est\u00e1 en mis manos, ha dejado de estarlo, como la muerte. Y sin embargo yo tambi\u00e9n podr\u00eda ser una v\u00edctima. \u00bfQu\u00e9 puedo hacer?<\/p><p>\u00a0<\/p><p>Domar, aceptar la idea de la muerte para vivir sin miedo.<\/p><p>Escribir.<\/p><p>\u00a0<\/p><p>\u00a0<\/p><p><em>Foto: Dieter Poleyn<\/em><\/p>\t\t\t\t\t\t\t\t<\/div>\n\t\t\t\t<\/div>\n\t\t\t\t\t<\/div>\n\t\t<\/div>\n\t\t\t\t\t<\/div>\n\t\t<\/section>\n\t\t\t\t<\/div>\n\t\t","protected":false},"excerpt":{"rendered":"<p>En silencio, camino, en silencio. Con atenci\u00f3n para no exponerme. Escucho la quietud de la ciudad. Abro bien los ojos. Las sombras de los \u00e1rboles se proyectan en las calles vac\u00edas, los cerezos de Jap\u00f3n reci\u00e9n en flor resplandecen bajo el cielo despejado. Es primavera. Las margaritas blancas que recib\u00ed en el Alba por internet afloran a mi consciencia. \u00a0 Las sensaciones se acumulan en mi cuerpo. Me embriago con todo lo que me bebo del mundo, pero no digo nada\u2026 no lo hago, pero quiz\u00e1s en alguna ocasi\u00f3n me sorprender\u00e9 evocando este momento en mi escritura. Y me sorprender\u00e9 porque en el instante mismo, casi nunca advierto que lo que experimento me conmueve tanto. \u00a0 Mi cuerpo est\u00e1 lleno de recovecos. Las sensaciones transitan en ellos, dejando huellas. Unas voces me sobresaltan. Veo tres personas en mi camino. Me estremezco. Avanzo con prudencia como si pudiera hacerles da\u00f1o, como si pudieran quitarme lo que llevo adentro, como si pudiera quebrarse lo que atesoro. Es mi mirada del mundo, c\u00f3mo me lo como y lo saboreo. C\u00f3mo camino sobre \u00e9l y me sostiene. Para no caer, para no desvanecerme. \u00a0 Las piernas me tiemblan. Tambi\u00e9n podr\u00eda absorberme. Miedos irracionales se incrustan en mi piel. Realidades resuenan en las vibraciones de mi cuerpo. Vuelvo a casa. Hablo. Y cuando lo hago yo s\u00e9 que es para protegerme. No es mi alma la que dice algo, sino esa voz que sale de mi garganta para ocultar la que viene desde adentro&#8230; \u00bfPor qu\u00e9 no quiere mostrarse? \u00bfQu\u00e9 es tan indigno para no ser revelado? \u00bfSu fragilidad? \u00a0 Miedo de lo que no puedo controlar, de lo que ya no tiene control: el avance desaforado del p\u00e1nico. Guardar las distancias sociales m\u00e1s de lo habitual para no quedar aplastada por esa avalancha, para seguir latiendo en el interior de mi cuerpo, de mi casa, del amor de los m\u00edos, para seguir bebi\u00e9ndome el mundo a\u00fan en el encierro. No quiero someterme al terror. \u00a0 A parte de acatar las medidas de seguridad recomendadas para evitar la propagaci\u00f3n y el contagio, para cuidar de m\u00ed y de mi entorno, \u00bfQu\u00e9 puedo hacer? \u00a0 Ya no est\u00e1 en mis manos, ha dejado de estarlo, como la muerte. Y sin embargo yo tambi\u00e9n podr\u00eda ser una v\u00edctima. \u00bfQu\u00e9 puedo hacer? \u00a0 Domar, aceptar la idea de la muerte para vivir sin miedo. Escribir. \u00a0 \u00a0 Foto: Dieter Poleyn<\/p>\n","protected":false},"author":1,"featured_media":1277,"comment_status":"open","ping_status":"closed","sticky":false,"template":"","format":"standard","meta":{"advanced_seo_description":"","jetpack_seo_html_title":"","jetpack_seo_noindex":false,"jetpack_post_was_ever_published":false,"_jetpack_newsletter_access":"","_jetpack_dont_email_post_to_subs":false,"_jetpack_newsletter_tier_id":0,"_jetpack_memberships_contains_paywalled_content":false,"_jetpack_memberships_contains_paid_content":false,"footnotes":"","jetpack_publicize_message":"","jetpack_publicize_feature_enabled":true,"jetpack_social_post_already_shared":false,"jetpack_social_options":{"image_generator_settings":{"template":"highway","default_image_id":0,"font":"","enabled":false},"version":2}},"categories":[14],"tags":[],"class_list":["post-1272","post","type-post","status-publish","format-standard","has-post-thumbnail","hentry","category-fragmentos"],"jetpack_publicize_connections":[],"jetpack_featured_media_url":"https:\/\/claudiamendizabal.com\/wp-content\/uploads\/2020\/03\/WhatsApp-Image-2020-03-22-at-10.38.42.jpeg","jetpack_sharing_enabled":true,"jetpack_likes_enabled":true,"jetpack_shortlink":"https:\/\/wp.me\/p9CIpq-kw","_links":{"self":[{"href":"https:\/\/claudiamendizabal.com\/index.php\/wp-json\/wp\/v2\/posts\/1272","targetHints":{"allow":["GET"]}}],"collection":[{"href":"https:\/\/claudiamendizabal.com\/index.php\/wp-json\/wp\/v2\/posts"}],"about":[{"href":"https:\/\/claudiamendizabal.com\/index.php\/wp-json\/wp\/v2\/types\/post"}],"author":[{"embeddable":true,"href":"https:\/\/claudiamendizabal.com\/index.php\/wp-json\/wp\/v2\/users\/1"}],"replies":[{"embeddable":true,"href":"https:\/\/claudiamendizabal.com\/index.php\/wp-json\/wp\/v2\/comments?post=1272"}],"version-history":[{"count":11,"href":"https:\/\/claudiamendizabal.com\/index.php\/wp-json\/wp\/v2\/posts\/1272\/revisions"}],"predecessor-version":[{"id":1402,"href":"https:\/\/claudiamendizabal.com\/index.php\/wp-json\/wp\/v2\/posts\/1272\/revisions\/1402"}],"wp:featuredmedia":[{"embeddable":true,"href":"https:\/\/claudiamendizabal.com\/index.php\/wp-json\/wp\/v2\/media\/1277"}],"wp:attachment":[{"href":"https:\/\/claudiamendizabal.com\/index.php\/wp-json\/wp\/v2\/media?parent=1272"}],"wp:term":[{"taxonomy":"category","embeddable":true,"href":"https:\/\/claudiamendizabal.com\/index.php\/wp-json\/wp\/v2\/categories?post=1272"},{"taxonomy":"post_tag","embeddable":true,"href":"https:\/\/claudiamendizabal.com\/index.php\/wp-json\/wp\/v2\/tags?post=1272"}],"curies":[{"name":"wp","href":"https:\/\/api.w.org\/{rel}","templated":true}]}}