{"id":1557,"date":"2023-03-25T20:44:05","date_gmt":"2023-03-25T19:44:05","guid":{"rendered":"https:\/\/claudiamendizabal.com\/?p=1557"},"modified":"2025-05-07T15:23:33","modified_gmt":"2025-05-07T13:23:33","slug":"muy-pronto-el-ruido-de-tus-horas","status":"publish","type":"post","link":"https:\/\/claudiamendizabal.com\/index.php\/2023\/03\/25\/muy-pronto-el-ruido-de-tus-horas\/","title":{"rendered":"Muy pronto: &#8216;El ruido de tus horas&#8217;"},"content":{"rendered":"\t\t<div data-elementor-type=\"wp-post\" data-elementor-id=\"1557\" class=\"elementor elementor-1557\">\n\t\t\t\t\t\t<section class=\"elementor-section elementor-top-section elementor-element elementor-element-1793ca26 elementor-section-boxed elementor-section-height-default elementor-section-height-default wpr-particle-no wpr-jarallax-no wpr-parallax-no wpr-sticky-section-no wpr-equal-height-no\" data-id=\"1793ca26\" data-element_type=\"section\" data-e-type=\"section\">\n\t\t\t\t\t\t<div class=\"elementor-container elementor-column-gap-default\">\n\t\t\t\t\t<div class=\"elementor-column elementor-col-100 elementor-top-column elementor-element elementor-element-7f8d1086\" data-id=\"7f8d1086\" data-element_type=\"column\" data-e-type=\"column\">\n\t\t\t<div class=\"elementor-widget-wrap elementor-element-populated\">\n\t\t\t\t\t\t<div class=\"elementor-element elementor-element-2b573d7e elementor-widget elementor-widget-text-editor\" data-id=\"2b573d7e\" data-element_type=\"widget\" data-e-type=\"widget\" data-widget_type=\"text-editor.default\">\n\t\t\t\t<div class=\"elementor-widget-container\">\n\t\t\t\t\t\t\t\t\t\n<p>Emocionada de compartir esta noticia con ustedes: \u00a1Mi novela, &#8216;El ruido de tus horas&#8217;, llegar\u00e1 muy pronto!<\/p>\n<p>\u00a0<\/p>\n\n<p>El proceso ha sido largo, primero porque la escritura es as\u00ed, lenta y minuciosa, y luego, porque entre medio me toc\u00f3 trasladarme de pa\u00eds con toda mi familia. Termin\u00e9 el primer borrador hace m\u00e1s de un a\u00f1o y medio en Bruselas y casi simult\u00e1neamente, surgi\u00f3 el proyecto de partir, de instalarnos en Sao Paulo por un tiempo. Mi manuscrito tuvo que esperar en las cajas, mientras nos mud\u00e1bamos. Y una ma\u00f1ana, lo encontr\u00e9 sobre mi escritorio. Hab\u00eda llegado junto con el contenedor que tra\u00eda nuestras pertenencias cinco meses despu\u00e9s de que aterrizamos en Sao Paulo.<\/p>\n<p>\u00a0<\/p>\n\n<p>Desde ese momento mi vida en Sao Paulo ha compartido el tiempo con la reescritura y la b\u00fasqueda de editorial. Y ahora que est\u00e1 a punto de salir, que ya no est\u00e1 en mis manos sino en las de de la <a href=\"https:\/\/www.facebook.com\/editorialnuevomileniobolivia?__cft__[0]=AZXGWnEiGdEJh1qfrjM1EOm3schT1_xp-KDUsMlECpNTJEEGEQUG_E488odb0ieIQhpicjuBK2dQAJAuxyzMO0KHKdiTWXWbaUReVqnTd86vOWWTqMbZ27_vs2T8muJb1fTItZdXVefb7lXI0SVjQBAT-N_PNZRQg5qyKvTd4q0F6ejssVIGj8iUB61W9NyxCF8&amp;__tn__=-]K-R\">Editorial Nuevo Milenio<\/a>, siento que mi barco lev\u00f3 anclas y que estoy lista para volver a comenzar.<\/p>\n<p>\u00a0<\/p>\n\n<p>Est\u00e9n atentos para m\u00e1s actualizaciones sobre la fecha de lanzamiento y sobre d\u00f3nde pueden conseguir un ejemplar.<\/p>\n<p>\u00a0<\/p>\n<p>\u00a0<\/p>\n\t\t\t\t\t\t\t\t<\/div>\n\t\t\t\t<\/div>\n\t\t\t\t\t<\/div>\n\t\t<\/div>\n\t\t\t\t\t<\/div>\n\t\t<\/section>\n\t\t\t\t<\/div>\n\t\t","protected":false},"excerpt":{"rendered":"<p>Emocionada de compartir esta noticia con ustedes: \u00a1Mi novela, &#8216;El ruido de tus horas&#8217;, llegar\u00e1 muy pronto! \u00a0 El proceso ha sido largo, primero porque la escritura es as\u00ed, lenta y minuciosa, y luego, porque entre medio me toc\u00f3 trasladarme de pa\u00eds con toda mi familia. Termin\u00e9 el primer borrador hace m\u00e1s de un a\u00f1o y medio en Bruselas y casi simult\u00e1neamente, surgi\u00f3 el proyecto de partir, de instalarnos en Sao Paulo por un tiempo. Mi manuscrito tuvo que esperar en las cajas, mientras nos mud\u00e1bamos. Y una ma\u00f1ana, lo encontr\u00e9 sobre mi escritorio. Hab\u00eda llegado junto con el contenedor que tra\u00eda nuestras pertenencias cinco meses despu\u00e9s de que aterrizamos en Sao Paulo. \u00a0 Desde ese momento mi vida en Sao Paulo ha compartido el tiempo con la reescritura y la b\u00fasqueda de editorial. Y ahora que est\u00e1 a punto de salir, que ya no est\u00e1 en mis manos sino en las de de la Editorial Nuevo Milenio, siento que mi barco lev\u00f3 anclas y que estoy lista para volver a comenzar. \u00a0 Est\u00e9n atentos para m\u00e1s actualizaciones sobre la fecha de lanzamiento y sobre d\u00f3nde pueden conseguir un ejemplar. \u00a0 \u00a0<\/p>\n","protected":false},"author":1,"featured_media":1558,"comment_status":"open","ping_status":"closed","sticky":false,"template":"","format":"standard","meta":{"advanced_seo_description":"","jetpack_seo_html_title":"","jetpack_seo_noindex":false,"jetpack_post_was_ever_published":false,"_jetpack_newsletter_access":"","_jetpack_dont_email_post_to_subs":false,"_jetpack_newsletter_tier_id":0,"_jetpack_memberships_contains_paywalled_content":false,"_jetpack_memberships_contains_paid_content":false,"footnotes":"","jetpack_publicize_message":"","jetpack_publicize_feature_enabled":true,"jetpack_social_post_already_shared":true,"jetpack_social_options":{"image_generator_settings":{"template":"highway","default_image_id":0,"font":"","enabled":false},"version":2}},"categories":[82],"tags":[],"class_list":["post-1557","post","type-post","status-publish","format-standard","has-post-thumbnail","hentry","category-novedades"],"jetpack_publicize_connections":[],"jetpack_featured_media_url":"https:\/\/claudiamendizabal.com\/wp-content\/uploads\/2023\/03\/Sao-Paulo-y-la-reescritura.jpg","jetpack_sharing_enabled":true,"jetpack_likes_enabled":true,"jetpack_shortlink":"https:\/\/wp.me\/p9CIpq-p7","_links":{"self":[{"href":"https:\/\/claudiamendizabal.com\/index.php\/wp-json\/wp\/v2\/posts\/1557","targetHints":{"allow":["GET"]}}],"collection":[{"href":"https:\/\/claudiamendizabal.com\/index.php\/wp-json\/wp\/v2\/posts"}],"about":[{"href":"https:\/\/claudiamendizabal.com\/index.php\/wp-json\/wp\/v2\/types\/post"}],"author":[{"embeddable":true,"href":"https:\/\/claudiamendizabal.com\/index.php\/wp-json\/wp\/v2\/users\/1"}],"replies":[{"embeddable":true,"href":"https:\/\/claudiamendizabal.com\/index.php\/wp-json\/wp\/v2\/comments?post=1557"}],"version-history":[{"count":7,"href":"https:\/\/claudiamendizabal.com\/index.php\/wp-json\/wp\/v2\/posts\/1557\/revisions"}],"predecessor-version":[{"id":2881,"href":"https:\/\/claudiamendizabal.com\/index.php\/wp-json\/wp\/v2\/posts\/1557\/revisions\/2881"}],"wp:featuredmedia":[{"embeddable":true,"href":"https:\/\/claudiamendizabal.com\/index.php\/wp-json\/wp\/v2\/media\/1558"}],"wp:attachment":[{"href":"https:\/\/claudiamendizabal.com\/index.php\/wp-json\/wp\/v2\/media?parent=1557"}],"wp:term":[{"taxonomy":"category","embeddable":true,"href":"https:\/\/claudiamendizabal.com\/index.php\/wp-json\/wp\/v2\/categories?post=1557"},{"taxonomy":"post_tag","embeddable":true,"href":"https:\/\/claudiamendizabal.com\/index.php\/wp-json\/wp\/v2\/tags?post=1557"}],"curies":[{"name":"wp","href":"https:\/\/api.w.org\/{rel}","templated":true}]}}