{"id":1809,"date":"2023-06-13T19:54:12","date_gmt":"2023-06-13T17:54:12","guid":{"rendered":"https:\/\/claudiamendizabal.com\/?p=1809"},"modified":"2025-09-06T20:25:56","modified_gmt":"2025-09-06T18:25:56","slug":"dos-presentaciones-inolvidables-el-ruido-de-tus-horas","status":"publish","type":"post","link":"https:\/\/claudiamendizabal.com\/index.php\/2023\/06\/13\/dos-presentaciones-inolvidables-el-ruido-de-tus-horas\/","title":{"rendered":"\u00a1Dos presentaciones inolvidables! Mi novela encuentra su camino"},"content":{"rendered":"\t\t<div data-elementor-type=\"wp-post\" data-elementor-id=\"1809\" class=\"elementor elementor-1809\">\n\t\t\t\t\t\t<section class=\"elementor-section elementor-top-section elementor-element elementor-element-16e4fd5 elementor-section-boxed elementor-section-height-default elementor-section-height-default wpr-particle-no wpr-jarallax-no wpr-parallax-no wpr-sticky-section-no wpr-equal-height-no\" data-id=\"16e4fd5\" data-element_type=\"section\" data-e-type=\"section\">\n\t\t\t\t\t\t<div class=\"elementor-container elementor-column-gap-default\">\n\t\t\t\t\t<div class=\"elementor-column elementor-col-100 elementor-top-column elementor-element elementor-element-e70e8cd\" data-id=\"e70e8cd\" data-element_type=\"column\" data-e-type=\"column\">\n\t\t\t<div class=\"elementor-widget-wrap elementor-element-populated\">\n\t\t\t\t\t\t<div class=\"elementor-element elementor-element-024e9e8 elementor-widget elementor-widget-text-editor\" data-id=\"024e9e8\" data-element_type=\"widget\" data-e-type=\"widget\" data-widget_type=\"text-editor.default\">\n\t\t\t\t<div class=\"elementor-widget-container\">\n\t\t\t\t\t\t\t\t\t<p>Estoy emocionada de compartir con ustedes, a trav\u00e9s de estas im\u00e1genes tomadas por el p\u00fablico, los momentos que vivimos durante las presentaciones de mi novela en La L<a href=\"https:\/\/www.facebook.com\/LibreRiaSucre\" target=\"_blank\" rel=\"noopener\">IBRE r\u00eda \u2013 Sucre<\/a>\u00a0y en la\u00a0<a href=\"https:\/\/www.facebook.com\/FILSantaCruz\" target=\"_blank\" rel=\"noopener\">Feria Internacional del Libro de Santa Cruz de la Sierra<\/a>.<\/p><p>Gracias a la <a href=\"https:\/\/www.facebook.com\/editorialnuevomileniobolivia?__cft__%5B0%5D=AZXDNTZBzCoQP4R_9jr1OMGtfOYQVJb5fgLa6GyFy3f9JxPNoaNVmsVy-F0LwU4iUsCsqFtg2XIi0uOCba09xnhRzYMDU4lvCvkAmXZWYUdU6uSpJAR3v2PPJU8FLpBedpGOkAjDhdy_cXhsoKwoRO5cWJiZBTBwW6FK30F4vF1hS1k3miGfX383AZxc1_xDgvg&amp;__tn__=-%5DK-R\">Editorial Nuevo Milenio<\/a> y a su maravilloso equipo, a <a href=\"https:\/\/www.facebook.com\/marcelo.pazsoldan?__cft__%5B0%5D=AZXDNTZBzCoQP4R_9jr1OMGtfOYQVJb5fgLa6GyFy3f9JxPNoaNVmsVy-F0LwU4iUsCsqFtg2XIi0uOCba09xnhRzYMDU4lvCvkAmXZWYUdU6uSpJAR3v2PPJU8FLpBedpGOkAjDhdy_cXhsoKwoRO5cWJiZBTBwW6FK30F4vF1hS1k3miGfX383AZxc1_xDgvg&amp;__tn__=-%5DK-R\">Marcelo Paz Sold\u00e1n<\/a>, amigo y editor, a <a href=\"https:\/\/www.facebook.com\/profile.php?id=1817345775&amp;__cft__%5B0%5D=AZXDNTZBzCoQP4R_9jr1OMGtfOYQVJb5fgLa6GyFy3f9JxPNoaNVmsVy-F0LwU4iUsCsqFtg2XIi0uOCba09xnhRzYMDU4lvCvkAmXZWYUdU6uSpJAR3v2PPJU8FLpBedpGOkAjDhdy_cXhsoKwoRO5cWJiZBTBwW6FK30F4vF1hS1k3miGfX383AZxc1_xDgvg&amp;__tn__=-%5DK-R\">Rosario Barahona Michel<\/a> por su lectura aguda y sus palabras cristalinas, a <a href=\"https:\/\/www.facebook.com\/Isaac.Kukoc.Paz?__cft__%5B0%5D=AZXDNTZBzCoQP4R_9jr1OMGtfOYQVJb5fgLa6GyFy3f9JxPNoaNVmsVy-F0LwU4iUsCsqFtg2XIi0uOCba09xnhRzYMDU4lvCvkAmXZWYUdU6uSpJAR3v2PPJU8FLpBedpGOkAjDhdy_cXhsoKwoRO5cWJiZBTBwW6FK30F4vF1hS1k3miGfX383AZxc1_xDgvg&amp;__tn__=-%5DK-R\">Isaac Kukoc Paz<\/a> por su generosa y c\u00e1lida acogida en la LIBRE r\u00eda \u2013 Sucre, a la Feria Internacional del Libro de Santa Cruz de la Sierra y a todas las personas que estuvieron presentes en ambas presentaciones, porque sin ellas nada hubiera tenido sentido.<\/p><p><span lang=\"ES\">Me parece incre\u00edble que mi novela tome ahora vida propia.<\/span><\/p><p>Para los que a\u00fan no tienen un ejemplar y les gustar\u00eda tenerlo, los libros est\u00e1n en las librer\u00edas de Bolivia, en las oficinas de la <a href=\"https:\/\/www.facebook.com\/editorialnuevomileniobolivia?__cft__%5B0%5D=AZXqsjsQ5-iEQ601Qh_uuvz8WbQ9rxnEDCUzdtLYnq4ufNxcIRs4vxltQym2W3IPE2szpcLEKat3b5-zAR9sV9-k4ZMYUjQ18idHeV3jkWCqgHwgy2NZYEHqtvqHGfHK2CDUfpTYq6JqBOdfefUNZhnN1mBUBZ52K9CyCcCYz7m65kSdnwUZynB6yaCszizw4Vw&amp;__tn__=-%5DK-R\">Editorial Nuevo Milenio<\/a> y en camino hacia Bruselas y Sao Paulo.<\/p>\t\t\t\t\t\t\t\t<\/div>\n\t\t\t\t<\/div>\n\t\t\t\t\t<\/div>\n\t\t<\/div>\n\t\t\t\t\t<\/div>\n\t\t<\/section>\n\t\t\t\t<section class=\"elementor-section elementor-top-section elementor-element elementor-element-cf3e36e elementor-section-boxed elementor-section-height-default elementor-section-height-default wpr-particle-no wpr-jarallax-no wpr-parallax-no wpr-sticky-section-no wpr-equal-height-no\" data-id=\"cf3e36e\" data-element_type=\"section\" data-e-type=\"section\">\n\t\t\t\t\t\t<div class=\"elementor-container elementor-column-gap-default\">\n\t\t\t\t\t<div class=\"elementor-column elementor-col-100 elementor-top-column elementor-element elementor-element-883d4e7\" data-id=\"883d4e7\" data-element_type=\"column\" data-e-type=\"column\">\n\t\t\t<div class=\"elementor-widget-wrap elementor-element-populated\">\n\t\t\t\t\t\t<div class=\"elementor-element elementor-element-355c4e4 elementor-widget elementor-widget-image-gallery\" data-id=\"355c4e4\" data-element_type=\"widget\" data-e-type=\"widget\" data-widget_type=\"image-gallery.default\">\n\t\t\t\t<div class=\"elementor-widget-container\">\n\t\t\t\t\t\t\t<div class=\"elementor-image-gallery\">\n\t\t\t<div id='gallery-1' class='gallery galleryid-1809 gallery-columns-4 gallery-size-thumbnail'><figure class='gallery-item'>\n\t\t\t<div class='gallery-icon landscape'>\n\t\t\t\t<a data-elementor-open-lightbox=\"yes\" data-elementor-lightbox-slideshow=\"355c4e4\" data-elementor-lightbox-title=\"20230610_181035 (1)\" data-e-action-hash=\"#elementor-action%3Aaction%3Dlightbox%26settings%3DeyJpZCI6MTgxMSwidXJsIjoiaHR0cHM6XC9cL2NsYXVkaWFtZW5kaXphYmFsLmNvbVwvd3AtY29udGVudFwvdXBsb2Fkc1wvMjAyM1wvMDZcLzIwMjMwNjEwXzE4MTAzNS0xLXNjYWxlZC5qcGVnIiwic2xpZGVzaG93IjoiMzU1YzRlNCJ9\" href='https:\/\/claudiamendizabal.com\/wp-content\/uploads\/2023\/06\/20230610_181035-1-scaled.jpeg'><img decoding=\"async\" width=\"150\" height=\"150\" src=\"https:\/\/claudiamendizabal.com\/wp-content\/uploads\/2023\/06\/20230610_181035-1-150x150.jpeg\" class=\"attachment-thumbnail size-thumbnail\" alt=\"Presentaci\u00f3n de El ruido de tus horas en la Feria Internacional del Libro de Santa Cruz\" srcset=\"https:\/\/claudiamendizabal.com\/wp-content\/uploads\/2023\/06\/20230610_181035-1-150x150.jpeg 150w, https:\/\/claudiamendizabal.com\/wp-content\/uploads\/2023\/06\/20230610_181035-1-300x300.jpeg 300w, https:\/\/claudiamendizabal.com\/wp-content\/uploads\/2023\/06\/20230610_181035-1-75x75.jpeg 75w\" sizes=\"(max-width: 150px) 100vw, 150px\" \/><\/a>\n\t\t\t<\/div><\/figure><figure class='gallery-item'>\n\t\t\t<div class='gallery-icon portrait'>\n\t\t\t\t<a data-elementor-open-lightbox=\"yes\" data-elementor-lightbox-slideshow=\"355c4e4\" data-elementor-lightbox-title=\"Fil 2\" data-e-action-hash=\"#elementor-action%3Aaction%3Dlightbox%26settings%3DeyJpZCI6MTgxNSwidXJsIjoiaHR0cHM6XC9cL2NsYXVkaWFtZW5kaXphYmFsLmNvbVwvd3AtY29udGVudFwvdXBsb2Fkc1wvMjAyM1wvMDZcL0ZpbC0yLmpwZWciLCJzbGlkZXNob3ciOiIzNTVjNGU0In0%3D\" href='https:\/\/claudiamendizabal.com\/wp-content\/uploads\/2023\/06\/Fil-2.jpeg'><img decoding=\"async\" width=\"150\" height=\"150\" src=\"https:\/\/claudiamendizabal.com\/wp-content\/uploads\/2023\/06\/Fil-2-150x150.jpeg\" class=\"attachment-thumbnail size-thumbnail\" alt=\"Claudia Mendizabal posando con su novela El ruido de tus horas en Santa Cruz\" srcset=\"https:\/\/claudiamendizabal.com\/wp-content\/uploads\/2023\/06\/Fil-2-150x150.jpeg 150w, https:\/\/claudiamendizabal.com\/wp-content\/uploads\/2023\/06\/Fil-2-300x300.jpeg 300w, https:\/\/claudiamendizabal.com\/wp-content\/uploads\/2023\/06\/Fil-2-75x75.jpeg 75w\" sizes=\"(max-width: 150px) 100vw, 150px\" \/><\/a>\n\t\t\t<\/div><\/figure><figure class='gallery-item'>\n\t\t\t<div class='gallery-icon landscape'>\n\t\t\t\t<a data-elementor-open-lightbox=\"yes\" data-elementor-lightbox-slideshow=\"355c4e4\" data-elementor-lightbox-title=\"Fil 4\" data-e-action-hash=\"#elementor-action%3Aaction%3Dlightbox%26settings%3DeyJpZCI6MTgxNywidXJsIjoiaHR0cHM6XC9cL2NsYXVkaWFtZW5kaXphYmFsLmNvbVwvd3AtY29udGVudFwvdXBsb2Fkc1wvMjAyM1wvMDZcL0ZpbC00LmpwZWciLCJzbGlkZXNob3ciOiIzNTVjNGU0In0%3D\" href='https:\/\/claudiamendizabal.com\/wp-content\/uploads\/2023\/06\/Fil-4.jpeg'><img decoding=\"async\" width=\"150\" height=\"150\" src=\"https:\/\/claudiamendizabal.com\/wp-content\/uploads\/2023\/06\/Fil-4-150x150.jpeg\" class=\"attachment-thumbnail size-thumbnail\" alt=\"Claudia Mendiz\u00e1bal presentando su novela El ruido de tus horas en mesa de di\u00e1logo literario con p\u00fablico, Santa Cruz\" srcset=\"https:\/\/claudiamendizabal.com\/wp-content\/uploads\/2023\/06\/Fil-4-150x150.jpeg 150w, https:\/\/claudiamendizabal.com\/wp-content\/uploads\/2023\/06\/Fil-4-300x300.jpeg 300w, https:\/\/claudiamendizabal.com\/wp-content\/uploads\/2023\/06\/Fil-4-75x75.jpeg 75w\" sizes=\"(max-width: 150px) 100vw, 150px\" \/><\/a>\n\t\t\t<\/div><\/figure><figure class='gallery-item'>\n\t\t\t<div class='gallery-icon portrait'>\n\t\t\t\t<a data-elementor-open-lightbox=\"yes\" data-elementor-lightbox-slideshow=\"355c4e4\" data-elementor-lightbox-title=\"20230610_185228\" data-e-action-hash=\"#elementor-action%3Aaction%3Dlightbox%26settings%3DeyJpZCI6MTgxMiwidXJsIjoiaHR0cHM6XC9cL2NsYXVkaWFtZW5kaXphYmFsLmNvbVwvd3AtY29udGVudFwvdXBsb2Fkc1wvMjAyM1wvMDZcLzIwMjMwNjEwXzE4NTIyOC1zY2FsZWQuanBlZyIsInNsaWRlc2hvdyI6IjM1NWM0ZTQifQ%3D%3D\" href='https:\/\/claudiamendizabal.com\/wp-content\/uploads\/2023\/06\/20230610_185228-scaled.jpeg'><img loading=\"lazy\" decoding=\"async\" width=\"150\" height=\"150\" src=\"https:\/\/claudiamendizabal.com\/wp-content\/uploads\/2023\/06\/20230610_185228-150x150.jpeg\" class=\"attachment-thumbnail size-thumbnail\" alt=\"Claudia Mendiz\u00e1bal firmando ejemplares de su novela El ruido de tus horas en Santa Cruz\" srcset=\"https:\/\/claudiamendizabal.com\/wp-content\/uploads\/2023\/06\/20230610_185228-150x150.jpeg 150w, https:\/\/claudiamendizabal.com\/wp-content\/uploads\/2023\/06\/20230610_185228-300x300.jpeg 300w, https:\/\/claudiamendizabal.com\/wp-content\/uploads\/2023\/06\/20230610_185228-75x75.jpeg 75w\" sizes=\"(max-width: 150px) 100vw, 150px\" \/><\/a>\n\t\t\t<\/div><\/figure><figure class='gallery-item'>\n\t\t\t<div class='gallery-icon portrait'>\n\t\t\t\t<a data-elementor-open-lightbox=\"yes\" data-elementor-lightbox-slideshow=\"355c4e4\" data-elementor-lightbox-title=\"PHOTO-2023-06-08-21-08-59\" data-e-action-hash=\"#elementor-action%3Aaction%3Dlightbox%26settings%3DeyJpZCI6MTgxOCwidXJsIjoiaHR0cHM6XC9cL2NsYXVkaWFtZW5kaXphYmFsLmNvbVwvd3AtY29udGVudFwvdXBsb2Fkc1wvMjAyM1wvMDZcL1BIT1RPLTIwMjMtMDYtMDgtMjEtMDgtNTkuanBnIiwic2xpZGVzaG93IjoiMzU1YzRlNCJ9\" href='https:\/\/claudiamendizabal.com\/wp-content\/uploads\/2023\/06\/PHOTO-2023-06-08-21-08-59.jpg'><img loading=\"lazy\" decoding=\"async\" width=\"150\" height=\"150\" src=\"https:\/\/claudiamendizabal.com\/wp-content\/uploads\/2023\/06\/PHOTO-2023-06-08-21-08-59-150x150.jpg\" class=\"attachment-thumbnail size-thumbnail\" alt=\"Claudia Mendiz\u00e1bal presentando su novela El ruido de tus horas en mesa de di\u00e1logo literario en Sucre\" srcset=\"https:\/\/claudiamendizabal.com\/wp-content\/uploads\/2023\/06\/PHOTO-2023-06-08-21-08-59-150x150.jpg 150w, https:\/\/claudiamendizabal.com\/wp-content\/uploads\/2023\/06\/PHOTO-2023-06-08-21-08-59-300x300.jpg 300w, https:\/\/claudiamendizabal.com\/wp-content\/uploads\/2023\/06\/PHOTO-2023-06-08-21-08-59-75x75.jpg 75w\" sizes=\"(max-width: 150px) 100vw, 150px\" \/><\/a>\n\t\t\t<\/div><\/figure><figure class='gallery-item'>\n\t\t\t<div class='gallery-icon portrait'>\n\t\t\t\t<a data-elementor-open-lightbox=\"yes\" data-elementor-lightbox-slideshow=\"355c4e4\" data-elementor-lightbox-title=\"PHOTO-2023-06-08-21-09-04 2\" data-e-action-hash=\"#elementor-action%3Aaction%3Dlightbox%26settings%3DeyJpZCI6MTgyMywidXJsIjoiaHR0cHM6XC9cL2NsYXVkaWFtZW5kaXphYmFsLmNvbVwvd3AtY29udGVudFwvdXBsb2Fkc1wvMjAyM1wvMDZcL1BIT1RPLTIwMjMtMDYtMDgtMjEtMDktMDQtMi5qcGciLCJzbGlkZXNob3ciOiIzNTVjNGU0In0%3D\" href='https:\/\/claudiamendizabal.com\/wp-content\/uploads\/2023\/06\/PHOTO-2023-06-08-21-09-04-2.jpg'><img loading=\"lazy\" decoding=\"async\" width=\"150\" height=\"150\" src=\"https:\/\/claudiamendizabal.com\/wp-content\/uploads\/2023\/06\/PHOTO-2023-06-08-21-09-04-2-150x150.jpg\" class=\"attachment-thumbnail size-thumbnail\" alt=\"Claudia Mendiz\u00e1bal presentando su novela El ruido de tus horas en Sucre\" srcset=\"https:\/\/claudiamendizabal.com\/wp-content\/uploads\/2023\/06\/PHOTO-2023-06-08-21-09-04-2-150x150.jpg 150w, https:\/\/claudiamendizabal.com\/wp-content\/uploads\/2023\/06\/PHOTO-2023-06-08-21-09-04-2-300x300.jpg 300w, https:\/\/claudiamendizabal.com\/wp-content\/uploads\/2023\/06\/PHOTO-2023-06-08-21-09-04-2-75x75.jpg 75w\" sizes=\"(max-width: 150px) 100vw, 150px\" \/><\/a>\n\t\t\t<\/div><\/figure><figure class='gallery-item'>\n\t\t\t<div class='gallery-icon landscape'>\n\t\t\t\t<a data-elementor-open-lightbox=\"yes\" data-elementor-lightbox-slideshow=\"355c4e4\" data-elementor-lightbox-title=\"PHOTO-2023-06-08-21-09-03\" data-e-action-hash=\"#elementor-action%3Aaction%3Dlightbox%26settings%3DeyJpZCI6MTgyMiwidXJsIjoiaHR0cHM6XC9cL2NsYXVkaWFtZW5kaXphYmFsLmNvbVwvd3AtY29udGVudFwvdXBsb2Fkc1wvMjAyM1wvMDZcL1BIT1RPLTIwMjMtMDYtMDgtMjEtMDktMDMuanBnIiwic2xpZGVzaG93IjoiMzU1YzRlNCJ9\" href='https:\/\/claudiamendizabal.com\/wp-content\/uploads\/2023\/06\/PHOTO-2023-06-08-21-09-03.jpg'><img loading=\"lazy\" decoding=\"async\" width=\"150\" height=\"150\" src=\"https:\/\/claudiamendizabal.com\/wp-content\/uploads\/2023\/06\/PHOTO-2023-06-08-21-09-03-150x150.jpg\" class=\"attachment-thumbnail size-thumbnail\" alt=\"Claudia Mendiz\u00e1bal presentando su novela El ruido de tus horas en mesa de di\u00e1logo literario en Sucre\" srcset=\"https:\/\/claudiamendizabal.com\/wp-content\/uploads\/2023\/06\/PHOTO-2023-06-08-21-09-03-150x150.jpg 150w, https:\/\/claudiamendizabal.com\/wp-content\/uploads\/2023\/06\/PHOTO-2023-06-08-21-09-03-300x300.jpg 300w, https:\/\/claudiamendizabal.com\/wp-content\/uploads\/2023\/06\/PHOTO-2023-06-08-21-09-03-75x75.jpg 75w\" sizes=\"(max-width: 150px) 100vw, 150px\" \/><\/a>\n\t\t\t<\/div><\/figure>\n\t\t<\/div>\n\t\t<\/div>\n\t\t\t\t\t\t<\/div>\n\t\t\t\t<\/div>\n\t\t\t\t\t<\/div>\n\t\t<\/div>\n\t\t\t\t\t<\/div>\n\t\t<\/section>\n\t\t\t\t<\/div>\n\t\t","protected":false},"excerpt":{"rendered":"<p>Estoy emocionada de compartir con ustedes, a trav\u00e9s de estas im\u00e1genes tomadas por el p\u00fablico, los momentos que vivimos durante las presentaciones de mi novela en La LIBRE r\u00eda \u2013 Sucre\u00a0y en la\u00a0Feria Internacional del Libro de Santa Cruz de la Sierra. Gracias a la Editorial Nuevo Milenio y a su maravilloso equipo, a Marcelo Paz Sold\u00e1n, amigo y editor, a Rosario Barahona Michel por su lectura aguda y sus palabras cristalinas, a Isaac Kukoc Paz por su generosa y c\u00e1lida acogida en la LIBRE r\u00eda \u2013 Sucre, a la Feria Internacional del Libro de Santa Cruz de la Sierra y a todas las personas que estuvieron presentes en ambas presentaciones, porque sin ellas nada hubiera tenido sentido. Me parece incre\u00edble que mi novela tome ahora vida propia. Para los que a\u00fan no tienen un ejemplar y les gustar\u00eda tenerlo, los libros est\u00e1n en las librer\u00edas de Bolivia, en las oficinas de la Editorial Nuevo Milenio y en camino hacia Bruselas y Sao Paulo.<\/p>\n","protected":false},"author":1,"featured_media":1816,"comment_status":"open","ping_status":"closed","sticky":false,"template":"","format":"standard","meta":{"advanced_seo_description":"","jetpack_seo_html_title":"","jetpack_seo_noindex":false,"jetpack_post_was_ever_published":false,"_jetpack_newsletter_access":"","_jetpack_dont_email_post_to_subs":false,"_jetpack_newsletter_tier_id":0,"_jetpack_memberships_contains_paywalled_content":false,"_jetpack_memberships_contains_paid_content":false,"footnotes":"","jetpack_publicize_message":"","jetpack_publicize_feature_enabled":true,"jetpack_social_post_already_shared":true,"jetpack_social_options":{"image_generator_settings":{"template":"highway","default_image_id":0,"font":"","enabled":false},"version":2}},"categories":[82],"tags":[],"class_list":["post-1809","post","type-post","status-publish","format-standard","has-post-thumbnail","hentry","category-novedades"],"jetpack_publicize_connections":[],"jetpack_featured_media_url":"https:\/\/claudiamendizabal.com\/wp-content\/uploads\/2023\/06\/Fil-3.jpeg","jetpack_sharing_enabled":true,"jetpack_likes_enabled":true,"jetpack_shortlink":"https:\/\/wp.me\/p9CIpq-tb","_links":{"self":[{"href":"https:\/\/claudiamendizabal.com\/index.php\/wp-json\/wp\/v2\/posts\/1809","targetHints":{"allow":["GET"]}}],"collection":[{"href":"https:\/\/claudiamendizabal.com\/index.php\/wp-json\/wp\/v2\/posts"}],"about":[{"href":"https:\/\/claudiamendizabal.com\/index.php\/wp-json\/wp\/v2\/types\/post"}],"author":[{"embeddable":true,"href":"https:\/\/claudiamendizabal.com\/index.php\/wp-json\/wp\/v2\/users\/1"}],"replies":[{"embeddable":true,"href":"https:\/\/claudiamendizabal.com\/index.php\/wp-json\/wp\/v2\/comments?post=1809"}],"version-history":[{"count":74,"href":"https:\/\/claudiamendizabal.com\/index.php\/wp-json\/wp\/v2\/posts\/1809\/revisions"}],"predecessor-version":[{"id":6227,"href":"https:\/\/claudiamendizabal.com\/index.php\/wp-json\/wp\/v2\/posts\/1809\/revisions\/6227"}],"wp:featuredmedia":[{"embeddable":true,"href":"https:\/\/claudiamendizabal.com\/index.php\/wp-json\/wp\/v2\/media\/1816"}],"wp:attachment":[{"href":"https:\/\/claudiamendizabal.com\/index.php\/wp-json\/wp\/v2\/media?parent=1809"}],"wp:term":[{"taxonomy":"category","embeddable":true,"href":"https:\/\/claudiamendizabal.com\/index.php\/wp-json\/wp\/v2\/categories?post=1809"},{"taxonomy":"post_tag","embeddable":true,"href":"https:\/\/claudiamendizabal.com\/index.php\/wp-json\/wp\/v2\/tags?post=1809"}],"curies":[{"name":"wp","href":"https:\/\/api.w.org\/{rel}","templated":true}]}}