{"id":1922,"date":"2023-09-21T22:27:04","date_gmt":"2023-09-21T20:27:04","guid":{"rendered":"https:\/\/claudiamendizabal.com\/?p=1922"},"modified":"2025-09-06T20:38:54","modified_gmt":"2025-09-06T18:38:54","slug":"el-ruido-de-tus-horas-sigue-su-camino-la-paz-y-cochabamba","status":"publish","type":"post","link":"https:\/\/claudiamendizabal.com\/index.php\/2023\/09\/21\/el-ruido-de-tus-horas-sigue-su-camino-la-paz-y-cochabamba\/","title":{"rendered":"&#8216;El ruido de tus horas&#8217; sigue su camino: La Paz y Cochabamba"},"content":{"rendered":"\t\t<div data-elementor-type=\"wp-post\" data-elementor-id=\"1922\" class=\"elementor elementor-1922\">\n\t\t\t\t\t\t<section class=\"elementor-section elementor-top-section elementor-element elementor-element-6a403a0 elementor-section-boxed elementor-section-height-default elementor-section-height-default wpr-particle-no wpr-jarallax-no wpr-parallax-no wpr-sticky-section-no wpr-equal-height-no\" data-id=\"6a403a0\" data-element_type=\"section\" data-e-type=\"section\">\n\t\t\t\t\t\t<div class=\"elementor-container elementor-column-gap-default\">\n\t\t\t\t\t<div class=\"elementor-column elementor-col-100 elementor-top-column elementor-element elementor-element-53c04ef\" data-id=\"53c04ef\" data-element_type=\"column\" data-e-type=\"column\">\n\t\t\t<div class=\"elementor-widget-wrap elementor-element-populated\">\n\t\t\t\t\t\t<div class=\"elementor-element elementor-element-6ceb439 elementor-widget elementor-widget-text-editor\" data-id=\"6ceb439\" data-element_type=\"widget\" data-e-type=\"widget\" data-widget_type=\"text-editor.default\">\n\t\t\t\t<div class=\"elementor-widget-container\">\n\t\t\t\t\t\t\t\t\t<p>Despu\u00e9s del verano europeo, regresamos al invierno del cono sur para continuar con las presentaciones de mi novela. Fueron momentos intensos los que vivimos en La Paz y Cochabamba, momentos de reencuentro e intercambio, de escucha y aprendizaje. Presentar \u2018El ruido de tus horas` en Cochabamba, mi ciudad natal, fue una gran alegr\u00eda.<\/p><p>\u00a0<\/p><p>Gracias a la <a href=\"https:\/\/www.instagram.com\/ferialibrolapaz\/\">Feria Internacional del Libro de La Paz<\/a> y a Wara Godoy de <a href=\"https:\/\/www.facebook.com\/profile.php?id=100090576446877&amp;__cft__%5B0%5D=AZW2hJF9q6poSvGjKG1k5113teasFAnMzQC5xfisqnnqrkdtMw8va13YHlYum5P-SiwG_prc9j8Ro4C-uPWhX3zH8PQWdz09Y_0kQ22VhUOqhQLZdbxHQdUK8YA3-pj2wIBj7ogrxdyy99U3duqMrzuW8n5FnU1ZsOtN3AIDN6TlTNRVGVpXCOrxypuRH6c_8b0&amp;__tn__=-%5DK-R\">La Audacia Libros<\/a> por la fineza de su rese\u00f1a, a la <a href=\"https:\/\/www.facebook.com\/FundacionPatinoCochabamba\">Fundaci\u00f3n Pati\u00f1o<\/a> y a Alba Balderrama por su sensibilidad para entrar al coraz\u00f3n de los libros, a Caro Macedo, Javier Mendiz\u00e1bal, Ericka Cavero y Claudia Arce por prestar su voz a los personajes de mi novela, a Juan Pablo Rojas por llenar la noche con la magia de su viol\u00edn y musicalizar uno de los poemas de Otto en vivo. Y, para terminar, un agradecimiento especial a todas las personas que asistieron e hicieron que la noche tenga sentido.<\/p><p>\u00a0<\/p><p>Todav\u00eda queda pendiente la presentaci\u00f3n en Sao Paulo, ciudad donde vivo actualmente. La cita est\u00e1 fijada para el lunes 2 de octubre a las 19h en el Instituto Cervantes.<\/p><p>\u00a0<\/p><p>\u00a0<\/p>\t\t\t\t\t\t\t\t<\/div>\n\t\t\t\t<\/div>\n\t\t\t\t\t<\/div>\n\t\t<\/div>\n\t\t\t\t\t<\/div>\n\t\t<\/section>\n\t\t\t\t<section class=\"elementor-section elementor-top-section elementor-element elementor-element-7676986 elementor-section-boxed elementor-section-height-default elementor-section-height-default wpr-particle-no wpr-jarallax-no wpr-parallax-no wpr-sticky-section-no wpr-equal-height-no\" data-id=\"7676986\" data-element_type=\"section\" data-e-type=\"section\">\n\t\t\t\t\t\t<div class=\"elementor-container elementor-column-gap-default\">\n\t\t\t\t\t<div class=\"elementor-column elementor-col-100 elementor-top-column elementor-element elementor-element-ce9ef8b\" data-id=\"ce9ef8b\" data-element_type=\"column\" data-e-type=\"column\">\n\t\t\t<div class=\"elementor-widget-wrap elementor-element-populated\">\n\t\t\t\t\t\t<div class=\"elementor-element elementor-element-9e12317 elementor-widget elementor-widget-image-gallery\" data-id=\"9e12317\" data-element_type=\"widget\" data-e-type=\"widget\" data-widget_type=\"image-gallery.default\">\n\t\t\t\t<div class=\"elementor-widget-container\">\n\t\t\t\t\t\t\t<div class=\"elementor-image-gallery\">\n\t\t\t<div id='gallery-1' class='gallery galleryid-1922 gallery-columns-3 gallery-size-ashe-list-thumbnail'><figure class='gallery-item'>\n\t\t\t<div class='gallery-icon landscape'>\n\t\t\t\t<a data-elementor-open-lightbox=\"yes\" data-elementor-lightbox-slideshow=\"9e12317\" data-elementor-lightbox-title=\"La Paz 1\" data-e-action-hash=\"#elementor-action%3Aaction%3Dlightbox%26settings%3DeyJpZCI6MTkyOSwidXJsIjoiaHR0cHM6XC9cL2NsYXVkaWFtZW5kaXphYmFsLmNvbVwvd3AtY29udGVudFwvdXBsb2Fkc1wvMjAyM1wvMDlcL0xhLVBhei0xLmpwZWciLCJzbGlkZXNob3ciOiI5ZTEyMzE3In0%3D\" href='https:\/\/claudiamendizabal.com\/wp-content\/uploads\/2023\/09\/La-Paz-1.jpeg'><img fetchpriority=\"high\" decoding=\"async\" width=\"300\" height=\"300\" src=\"https:\/\/claudiamendizabal.com\/wp-content\/uploads\/2023\/09\/La-Paz-1-300x300.jpeg\" class=\"attachment-ashe-list-thumbnail size-ashe-list-thumbnail\" alt=\"Claudia Mendiz\u00e1bal presentando su novela El ruido de tus horas en mesa de di\u00e1logo literario en la Feria Internacional del Libro de La Paz\" srcset=\"https:\/\/claudiamendizabal.com\/wp-content\/uploads\/2023\/09\/La-Paz-1-300x300.jpeg 300w, https:\/\/claudiamendizabal.com\/wp-content\/uploads\/2023\/09\/La-Paz-1-150x150.jpeg 150w, https:\/\/claudiamendizabal.com\/wp-content\/uploads\/2023\/09\/La-Paz-1-75x75.jpeg 75w\" sizes=\"(max-width: 300px) 100vw, 300px\" \/><\/a>\n\t\t\t<\/div><\/figure><figure class='gallery-item'>\n\t\t\t<div class='gallery-icon landscape'>\n\t\t\t\t<a data-elementor-open-lightbox=\"yes\" data-elementor-lightbox-slideshow=\"9e12317\" data-elementor-lightbox-title=\"La Paz 2\" data-e-action-hash=\"#elementor-action%3Aaction%3Dlightbox%26settings%3DeyJpZCI6MTkzMCwidXJsIjoiaHR0cHM6XC9cL2NsYXVkaWFtZW5kaXphYmFsLmNvbVwvd3AtY29udGVudFwvdXBsb2Fkc1wvMjAyM1wvMDlcL0xhLVBhei0yLmpwZWciLCJzbGlkZXNob3ciOiI5ZTEyMzE3In0%3D\" href='https:\/\/claudiamendizabal.com\/wp-content\/uploads\/2023\/09\/La-Paz-2.jpeg'><img decoding=\"async\" width=\"300\" height=\"300\" src=\"https:\/\/claudiamendizabal.com\/wp-content\/uploads\/2023\/09\/La-Paz-2-300x300.jpeg\" class=\"attachment-ashe-list-thumbnail size-ashe-list-thumbnail\" alt=\"Ejemplares impresos de la novela El ruido de tus horas sobre una mesa en la presentaci\u00f3n en La Paz\" srcset=\"https:\/\/claudiamendizabal.com\/wp-content\/uploads\/2023\/09\/La-Paz-2-300x300.jpeg 300w, https:\/\/claudiamendizabal.com\/wp-content\/uploads\/2023\/09\/La-Paz-2-150x150.jpeg 150w, https:\/\/claudiamendizabal.com\/wp-content\/uploads\/2023\/09\/La-Paz-2-75x75.jpeg 75w\" sizes=\"(max-width: 300px) 100vw, 300px\" \/><\/a>\n\t\t\t<\/div><\/figure><figure class='gallery-item'>\n\t\t\t<div class='gallery-icon landscape'>\n\t\t\t\t<a data-elementor-open-lightbox=\"yes\" data-elementor-lightbox-slideshow=\"9e12317\" data-elementor-lightbox-title=\"La Paz 3\" data-e-action-hash=\"#elementor-action%3Aaction%3Dlightbox%26settings%3DeyJpZCI6MTkzMSwidXJsIjoiaHR0cHM6XC9cL2NsYXVkaWFtZW5kaXphYmFsLmNvbVwvd3AtY29udGVudFwvdXBsb2Fkc1wvMjAyM1wvMDlcL0xhLVBhei0zLXNjYWxlZC5qcGVnIiwic2xpZGVzaG93IjoiOWUxMjMxNyJ9\" href='https:\/\/claudiamendizabal.com\/wp-content\/uploads\/2023\/09\/La-Paz-3-scaled.jpeg'><img decoding=\"async\" width=\"300\" height=\"300\" src=\"https:\/\/claudiamendizabal.com\/wp-content\/uploads\/2023\/09\/La-Paz-3-300x300.jpeg\" class=\"attachment-ashe-list-thumbnail size-ashe-list-thumbnail\" alt=\"P\u00fablico asistiendo a la presentaci\u00f3n de la novela El ruido de tus horas en La Paz\" srcset=\"https:\/\/claudiamendizabal.com\/wp-content\/uploads\/2023\/09\/La-Paz-3-300x300.jpeg 300w, https:\/\/claudiamendizabal.com\/wp-content\/uploads\/2023\/09\/La-Paz-3-150x150.jpeg 150w, https:\/\/claudiamendizabal.com\/wp-content\/uploads\/2023\/09\/La-Paz-3-75x75.jpeg 75w\" sizes=\"(max-width: 300px) 100vw, 300px\" \/><\/a>\n\t\t\t<\/div><\/figure><figure class='gallery-item'>\n\t\t\t<div class='gallery-icon landscape'>\n\t\t\t\t<a data-elementor-open-lightbox=\"yes\" data-elementor-lightbox-slideshow=\"9e12317\" data-elementor-lightbox-title=\"La Paz 5\" data-e-action-hash=\"#elementor-action%3Aaction%3Dlightbox%26settings%3DeyJpZCI6MTkzMiwidXJsIjoiaHR0cHM6XC9cL2NsYXVkaWFtZW5kaXphYmFsLmNvbVwvd3AtY29udGVudFwvdXBsb2Fkc1wvMjAyM1wvMDlcL0xhLVBhei01LmpwZWciLCJzbGlkZXNob3ciOiI5ZTEyMzE3In0%3D\" href='https:\/\/claudiamendizabal.com\/wp-content\/uploads\/2023\/09\/La-Paz-5.jpeg'><img loading=\"lazy\" decoding=\"async\" width=\"300\" height=\"300\" src=\"https:\/\/claudiamendizabal.com\/wp-content\/uploads\/2023\/09\/La-Paz-5-300x300.jpeg\" class=\"attachment-ashe-list-thumbnail size-ashe-list-thumbnail\" alt=\"Claudia Mendiz\u00e1bal firmando ejemplares de su novela El ruido de tus horas en La Paz\" srcset=\"https:\/\/claudiamendizabal.com\/wp-content\/uploads\/2023\/09\/La-Paz-5-300x300.jpeg 300w, https:\/\/claudiamendizabal.com\/wp-content\/uploads\/2023\/09\/La-Paz-5-150x150.jpeg 150w, https:\/\/claudiamendizabal.com\/wp-content\/uploads\/2023\/09\/La-Paz-5-75x75.jpeg 75w\" sizes=\"(max-width: 300px) 100vw, 300px\" \/><\/a>\n\t\t\t<\/div><\/figure><figure class='gallery-item'>\n\t\t\t<div class='gallery-icon landscape'>\n\t\t\t\t<a data-elementor-open-lightbox=\"yes\" data-elementor-lightbox-slideshow=\"9e12317\" data-elementor-lightbox-title=\"Cochabamba 2\" data-e-action-hash=\"#elementor-action%3Aaction%3Dlightbox%26settings%3DeyJpZCI6MTkyOCwidXJsIjoiaHR0cHM6XC9cL2NsYXVkaWFtZW5kaXphYmFsLmNvbVwvd3AtY29udGVudFwvdXBsb2Fkc1wvMjAyM1wvMDlcL0NvY2hhYmFtYmEtMi0xLmpwZWciLCJzbGlkZXNob3ciOiI5ZTEyMzE3In0%3D\" href='https:\/\/claudiamendizabal.com\/wp-content\/uploads\/2023\/09\/Cochabamba-2-1.jpeg'><img loading=\"lazy\" decoding=\"async\" width=\"300\" height=\"300\" src=\"https:\/\/claudiamendizabal.com\/wp-content\/uploads\/2023\/09\/Cochabamba-2-1-300x300.jpeg\" class=\"attachment-ashe-list-thumbnail size-ashe-list-thumbnail\" alt=\"Claudia Mendiz\u00e1bal presentando su novela El ruido de tus horas en mesa de di\u00e1logo literario, Cochabamba\" srcset=\"https:\/\/claudiamendizabal.com\/wp-content\/uploads\/2023\/09\/Cochabamba-2-1-300x300.jpeg 300w, https:\/\/claudiamendizabal.com\/wp-content\/uploads\/2023\/09\/Cochabamba-2-1-150x150.jpeg 150w, https:\/\/claudiamendizabal.com\/wp-content\/uploads\/2023\/09\/Cochabamba-2-1-75x75.jpeg 75w\" sizes=\"(max-width: 300px) 100vw, 300px\" \/><\/a>\n\t\t\t<\/div><\/figure><figure class='gallery-item'>\n\t\t\t<div class='gallery-icon landscape'>\n\t\t\t\t<a data-elementor-open-lightbox=\"yes\" data-elementor-lightbox-slideshow=\"9e12317\" data-elementor-lightbox-title=\"Cochabamba 5\" data-e-action-hash=\"#elementor-action%3Aaction%3Dlightbox%26settings%3DeyJpZCI6MTkyNiwidXJsIjoiaHR0cHM6XC9cL2NsYXVkaWFtZW5kaXphYmFsLmNvbVwvd3AtY29udGVudFwvdXBsb2Fkc1wvMjAyM1wvMDlcL0NvY2hhYmFtYmEtNS5qcGVnIiwic2xpZGVzaG93IjoiOWUxMjMxNyJ9\" href='https:\/\/claudiamendizabal.com\/wp-content\/uploads\/2023\/09\/Cochabamba-5.jpeg'><img loading=\"lazy\" decoding=\"async\" width=\"300\" height=\"300\" src=\"https:\/\/claudiamendizabal.com\/wp-content\/uploads\/2023\/09\/Cochabamba-5-300x300.jpeg\" class=\"attachment-ashe-list-thumbnail size-ashe-list-thumbnail\" alt=\"Sala llena durante la charla de Claudia Mendiz\u00e1bal sobre El ruido de tus horas, Cochabamba\" srcset=\"https:\/\/claudiamendizabal.com\/wp-content\/uploads\/2023\/09\/Cochabamba-5-300x300.jpeg 300w, https:\/\/claudiamendizabal.com\/wp-content\/uploads\/2023\/09\/Cochabamba-5-150x150.jpeg 150w, https:\/\/claudiamendizabal.com\/wp-content\/uploads\/2023\/09\/Cochabamba-5-75x75.jpeg 75w\" sizes=\"(max-width: 300px) 100vw, 300px\" \/><\/a>\n\t\t\t<\/div><\/figure><figure class='gallery-item'>\n\t\t\t<div class='gallery-icon landscape'>\n\t\t\t\t<a data-elementor-open-lightbox=\"yes\" data-elementor-lightbox-slideshow=\"9e12317\" data-elementor-lightbox-title=\"Cochabamba 3\" data-e-action-hash=\"#elementor-action%3Aaction%3Dlightbox%26settings%3DeyJpZCI6MTkyNCwidXJsIjoiaHR0cHM6XC9cL2NsYXVkaWFtZW5kaXphYmFsLmNvbVwvd3AtY29udGVudFwvdXBsb2Fkc1wvMjAyM1wvMDlcL0NvY2hhYmFtYmEtMy5qcGVnIiwic2xpZGVzaG93IjoiOWUxMjMxNyJ9\" href='https:\/\/claudiamendizabal.com\/wp-content\/uploads\/2023\/09\/Cochabamba-3.jpeg'><img loading=\"lazy\" decoding=\"async\" width=\"300\" height=\"300\" src=\"https:\/\/claudiamendizabal.com\/wp-content\/uploads\/2023\/09\/Cochabamba-3-300x300.jpeg\" class=\"attachment-ashe-list-thumbnail size-ashe-list-thumbnail\" alt=\"P\u00fablico asistiendo a la presentaci\u00f3n de la novela El ruido de tus horas, Cochabamba\" srcset=\"https:\/\/claudiamendizabal.com\/wp-content\/uploads\/2023\/09\/Cochabamba-3-300x300.jpeg 300w, https:\/\/claudiamendizabal.com\/wp-content\/uploads\/2023\/09\/Cochabamba-3-150x150.jpeg 150w, https:\/\/claudiamendizabal.com\/wp-content\/uploads\/2023\/09\/Cochabamba-3-75x75.jpeg 75w\" sizes=\"(max-width: 300px) 100vw, 300px\" \/><\/a>\n\t\t\t<\/div><\/figure><figure class='gallery-item'>\n\t\t\t<div class='gallery-icon landscape'>\n\t\t\t\t<a data-elementor-open-lightbox=\"yes\" data-elementor-lightbox-slideshow=\"9e12317\" data-elementor-lightbox-title=\"Cochabamba 13\" data-e-action-hash=\"#elementor-action%3Aaction%3Dlightbox%26settings%3DeyJpZCI6MTkyNywidXJsIjoiaHR0cHM6XC9cL2NsYXVkaWFtZW5kaXphYmFsLmNvbVwvd3AtY29udGVudFwvdXBsb2Fkc1wvMjAyM1wvMDlcL0NvY2hhYmFtYmEtMTMuanBlZyIsInNsaWRlc2hvdyI6IjllMTIzMTcifQ%3D%3D\" href='https:\/\/claudiamendizabal.com\/wp-content\/uploads\/2023\/09\/Cochabamba-13.jpeg'><img loading=\"lazy\" decoding=\"async\" width=\"300\" height=\"300\" src=\"https:\/\/claudiamendizabal.com\/wp-content\/uploads\/2023\/09\/Cochabamba-13-300x300.jpeg\" class=\"attachment-ashe-list-thumbnail size-ashe-list-thumbnail\" alt=\"Claudia Mendiz\u00e1bal firmando ejemplares de su novela El ruido de tus horas, Cochabamba\" srcset=\"https:\/\/claudiamendizabal.com\/wp-content\/uploads\/2023\/09\/Cochabamba-13-300x300.jpeg 300w, https:\/\/claudiamendizabal.com\/wp-content\/uploads\/2023\/09\/Cochabamba-13-150x150.jpeg 150w, https:\/\/claudiamendizabal.com\/wp-content\/uploads\/2023\/09\/Cochabamba-13-75x75.jpeg 75w\" sizes=\"(max-width: 300px) 100vw, 300px\" \/><\/a>\n\t\t\t<\/div><\/figure>\n\t\t<\/div>\n\t\t<\/div>\n\t\t\t\t\t\t<\/div>\n\t\t\t\t<\/div>\n\t\t\t\t\t<\/div>\n\t\t<\/div>\n\t\t\t\t\t<\/div>\n\t\t<\/section>\n\t\t\t\t<\/div>\n\t\t","protected":false},"excerpt":{"rendered":"<p>Despu\u00e9s del verano europeo, regresamos al invierno del cono sur para continuar con las presentaciones de mi novela. Fueron momentos intensos los que vivimos en La Paz y Cochabamba, momentos de reencuentro e intercambio, de escucha y aprendizaje. Presentar \u2018El ruido de tus horas` en Cochabamba, mi ciudad natal, fue una gran alegr\u00eda. \u00a0 Gracias a la Feria Internacional del Libro de La Paz y a Wara Godoy de La Audacia Libros por la fineza de su rese\u00f1a, a la Fundaci\u00f3n Pati\u00f1o y a Alba Balderrama por su sensibilidad para entrar al coraz\u00f3n de los libros, a Caro Macedo, Javier Mendiz\u00e1bal, Ericka Cavero y Claudia Arce por prestar su voz a los personajes de mi novela, a Juan Pablo Rojas por llenar la noche con la magia de su viol\u00edn y musicalizar uno de los poemas de Otto en vivo. Y, para terminar, un agradecimiento especial a todas las personas que asistieron e hicieron que la noche tenga sentido. \u00a0 Todav\u00eda queda pendiente la presentaci\u00f3n en Sao Paulo, ciudad donde vivo actualmente. La cita est\u00e1 fijada para el lunes 2 de octubre a las 19h en el Instituto Cervantes. \u00a0 \u00a0<\/p>\n","protected":false},"author":1,"featured_media":1925,"comment_status":"open","ping_status":"closed","sticky":false,"template":"","format":"standard","meta":{"advanced_seo_description":"","jetpack_seo_html_title":"","jetpack_seo_noindex":false,"jetpack_post_was_ever_published":false,"_jetpack_newsletter_access":"","_jetpack_dont_email_post_to_subs":false,"_jetpack_newsletter_tier_id":0,"_jetpack_memberships_contains_paywalled_content":false,"_jetpack_memberships_contains_paid_content":false,"footnotes":"","jetpack_publicize_message":"","jetpack_publicize_feature_enabled":true,"jetpack_social_post_already_shared":true,"jetpack_social_options":{"image_generator_settings":{"template":"highway","default_image_id":0,"font":"","enabled":false},"version":2}},"categories":[82],"tags":[],"class_list":["post-1922","post","type-post","status-publish","format-standard","has-post-thumbnail","hentry","category-novedades"],"jetpack_publicize_connections":[],"jetpack_featured_media_url":"https:\/\/claudiamendizabal.com\/wp-content\/uploads\/2023\/09\/Cochabamba-4.jpeg","jetpack_sharing_enabled":true,"jetpack_likes_enabled":true,"jetpack_shortlink":"https:\/\/wp.me\/p9CIpq-v0","_links":{"self":[{"href":"https:\/\/claudiamendizabal.com\/index.php\/wp-json\/wp\/v2\/posts\/1922","targetHints":{"allow":["GET"]}}],"collection":[{"href":"https:\/\/claudiamendizabal.com\/index.php\/wp-json\/wp\/v2\/posts"}],"about":[{"href":"https:\/\/claudiamendizabal.com\/index.php\/wp-json\/wp\/v2\/types\/post"}],"author":[{"embeddable":true,"href":"https:\/\/claudiamendizabal.com\/index.php\/wp-json\/wp\/v2\/users\/1"}],"replies":[{"embeddable":true,"href":"https:\/\/claudiamendizabal.com\/index.php\/wp-json\/wp\/v2\/comments?post=1922"}],"version-history":[{"count":31,"href":"https:\/\/claudiamendizabal.com\/index.php\/wp-json\/wp\/v2\/posts\/1922\/revisions"}],"predecessor-version":[{"id":6240,"href":"https:\/\/claudiamendizabal.com\/index.php\/wp-json\/wp\/v2\/posts\/1922\/revisions\/6240"}],"wp:featuredmedia":[{"embeddable":true,"href":"https:\/\/claudiamendizabal.com\/index.php\/wp-json\/wp\/v2\/media\/1925"}],"wp:attachment":[{"href":"https:\/\/claudiamendizabal.com\/index.php\/wp-json\/wp\/v2\/media?parent=1922"}],"wp:term":[{"taxonomy":"category","embeddable":true,"href":"https:\/\/claudiamendizabal.com\/index.php\/wp-json\/wp\/v2\/categories?post=1922"},{"taxonomy":"post_tag","embeddable":true,"href":"https:\/\/claudiamendizabal.com\/index.php\/wp-json\/wp\/v2\/tags?post=1922"}],"curies":[{"name":"wp","href":"https:\/\/api.w.org\/{rel}","templated":true}]}}