{"id":648,"date":"2018-08-29T13:59:34","date_gmt":"2018-08-29T11:59:34","guid":{"rendered":"http:\/\/claudiamendizabal.com\/?p=648"},"modified":"2025-06-09T16:35:12","modified_gmt":"2025-06-09T14:35:12","slug":"como-darse-una-cita","status":"publish","type":"post","link":"https:\/\/claudiamendizabal.com\/index.php\/2018\/08\/29\/como-darse-una-cita\/","title":{"rendered":"Como darse una cita"},"content":{"rendered":"<p>\u201cSi llevas un l\u00e1piz en el bolsillo hay bastantes posibilidades de que alg\u00fan d\u00eda te sientas tentado a utilizarlo\u201d, dec\u00eda Paul Auster, a prop\u00f3sito de c\u00f3mo se hizo escritor. Por mi parte, perder una idea en el camino o un pensamiento improbable venido de la nada, me deja la desagradable sensaci\u00f3n de haber perdido algo esencial. Es por eso que siempre llevo conmigo una libreta y un l\u00e1piz.<\/p>\n<p>Necesito escribir lo que pasa por mi cabeza y estimula mis sentidos, porque cuando lo hago comienzo a entender lo que me habita. Como si al dejar salir esos nudos de pensamiento y sensaciones, pudiera seguir su recorrido y descubrir sus relaciones. Como si ellos mismos extendieran sus lazos para formar algo que yo no puedo ver ni comprender, sino solo cuando ya est\u00e1 fuera de m\u00ed.<\/p>\n<p>Entonces me siento y escribo. En el fondo de un caf\u00e9 o en su terraza, pero siempre con la espalda contra uno de sus muros y la mirada hacia la calle, es donde y como prefiero. El aroma de los granos reci\u00e9n molidos y del capuchino humeando al lado m\u00edo; la m\u00fasica que se mezcla con las conversaciones de la gente y el ruido de la calle formando como una cortina sonora en la que puedo apoyarme y sentirme en compa\u00f1\u00eda, sin ser invadida, me incitan a abstraerme y sumergirme en variados universos. Y de rato en rato, esa mirada que se cruza con la m\u00eda y que, como una coma, detiene el flujo de mis pensamientos, me concede ese respiro necesario para tomar distancia con lo m\u00edo, y luego en \u00a0el siguiente parpadeo continuar sin ning\u00fan \u00edmpetu.<\/p>\n<p>S\u00ed, el ambiente de los caf\u00e9s siempre me ha seducido. La posibilidad de sentir el movimiento de la ciudad en el entra y sale de la gente, de ser parte de esa escena, pero al mismo tiempo espectadora, de poder estar presente y pasar desapercibida, como si fueras invisible me abre un espacio de libertad incomparable. Y ah\u00ed desde mi rinc\u00f3n, escribo como si me hablara al son del rasgueo de mi l\u00e1piz contra la hoja blanca, que se va llenando de palabras que sin buscar forma encuentran una.<\/p>\n<p>Guardo intactos mis recuerdos del Caf\u00e9 Metr\u00f3polis en Cochabamba, donde descubr\u00ed esa posibilidad de darse cita a s\u00ed misma. Luego, de un gran salto sobre el Atl\u00e1ntico mis caf\u00e9s se trasladaron a Par\u00eds, Ginebra, Barcelona, Bruselas\u2026 La misma sensaci\u00f3n en cada lugar. Cambia la escenograf\u00eda, los sonidos, el idioma, el clima, pero sigo siendo yo y el placer de desaparecer detr\u00e1s de mi libreta para reencontrarme e ir hacia nuevos universos.<\/p>\n<p>Y yo s\u00e9 que, en toda nueva ciudad, siempre habr\u00e1 un espacio para darme una cita.<\/p>\n","protected":false},"excerpt":{"rendered":"<p>\u201cSi llevas un l\u00e1piz en el bolsillo hay bastantes posibilidades de que alg\u00fan d\u00eda te sientas tentado a utilizarlo\u201d, dec\u00eda Paul Auster, a prop\u00f3sito de c\u00f3mo se hizo escritor. Por mi parte, perder una idea en el camino o un pensamiento improbable venido de la nada, me deja la desagradable sensaci\u00f3n de haber perdido algo esencial. Es por eso que siempre llevo conmigo una libreta y un l\u00e1piz. Necesito escribir lo que pasa por mi cabeza y estimula mis sentidos, porque cuando lo hago comienzo a entender lo que me habita. Como si al dejar salir esos nudos de pensamiento y sensaciones, pudiera seguir su recorrido y descubrir sus relaciones. Como si ellos mismos extendieran sus lazos para formar algo que yo no puedo ver ni comprender, sino solo cuando ya est\u00e1 fuera de m\u00ed. Entonces me siento y escribo. En el fondo de un caf\u00e9 o en su terraza, pero siempre con la espalda contra uno de sus muros y la mirada hacia la calle, es donde y como prefiero. El aroma de los granos reci\u00e9n molidos y del capuchino humeando al lado m\u00edo; la m\u00fasica que se mezcla con las conversaciones de la gente y el ruido de la calle formando como una cortina sonora en la que puedo apoyarme y sentirme en compa\u00f1\u00eda, sin ser invadida, me incitan a abstraerme y sumergirme en variados universos. Y de rato en rato, esa mirada que se cruza con la m\u00eda y que, como una coma, detiene el flujo de mis pensamientos, me concede ese respiro necesario para tomar distancia con lo m\u00edo, y luego en \u00a0el siguiente parpadeo continuar sin ning\u00fan \u00edmpetu. S\u00ed, el ambiente de los caf\u00e9s siempre me ha seducido. La posibilidad de sentir el movimiento de la ciudad en el entra y sale de la gente, de ser parte de esa escena, pero al mismo tiempo espectadora, de poder estar presente y pasar desapercibida, como si fueras invisible me abre un espacio de libertad incomparable. Y ah\u00ed desde mi rinc\u00f3n, escribo como si me hablara al son del rasgueo de mi l\u00e1piz contra la hoja blanca, que se va llenando de palabras que sin buscar forma encuentran una. Guardo intactos mis recuerdos del Caf\u00e9 Metr\u00f3polis en Cochabamba, donde descubr\u00ed esa posibilidad de darse cita a s\u00ed misma. Luego, de un gran salto sobre el Atl\u00e1ntico mis caf\u00e9s se trasladaron a Par\u00eds, Ginebra, Barcelona, Bruselas\u2026 La misma sensaci\u00f3n en cada lugar. Cambia la escenograf\u00eda, los sonidos, el idioma, el clima, pero sigo siendo yo y el placer de desaparecer detr\u00e1s de mi libreta para reencontrarme e ir hacia nuevos universos. Y yo s\u00e9 que, en toda nueva ciudad, siempre habr\u00e1 un espacio para darme una cita.<\/p>\n","protected":false},"author":1,"featured_media":651,"comment_status":"open","ping_status":"closed","sticky":false,"template":"","format":"standard","meta":{"advanced_seo_description":"","jetpack_seo_html_title":"","jetpack_seo_noindex":false,"jetpack_post_was_ever_published":false,"_jetpack_newsletter_access":"","_jetpack_dont_email_post_to_subs":false,"_jetpack_newsletter_tier_id":0,"_jetpack_memberships_contains_paywalled_content":false,"_jetpack_memberships_contains_paid_content":false,"footnotes":"","jetpack_publicize_message":"","jetpack_publicize_feature_enabled":true,"jetpack_social_post_already_shared":true,"jetpack_social_options":{"image_generator_settings":{"template":"highway","default_image_id":0,"font":"","enabled":false},"version":2}},"categories":[126],"tags":[],"class_list":["post-648","post","type-post","status-publish","format-standard","has-post-thumbnail","hentry","category-diario-de-escritura"],"jetpack_publicize_connections":[],"jetpack_featured_media_url":"https:\/\/claudiamendizabal.com\/wp-content\/uploads\/2018\/08\/IMG_8851-e1535542373658.jpg","jetpack_sharing_enabled":true,"jetpack_likes_enabled":true,"jetpack_shortlink":"https:\/\/wp.me\/p9CIpq-as","_links":{"self":[{"href":"https:\/\/claudiamendizabal.com\/index.php\/wp-json\/wp\/v2\/posts\/648","targetHints":{"allow":["GET"]}}],"collection":[{"href":"https:\/\/claudiamendizabal.com\/index.php\/wp-json\/wp\/v2\/posts"}],"about":[{"href":"https:\/\/claudiamendizabal.com\/index.php\/wp-json\/wp\/v2\/types\/post"}],"author":[{"embeddable":true,"href":"https:\/\/claudiamendizabal.com\/index.php\/wp-json\/wp\/v2\/users\/1"}],"replies":[{"embeddable":true,"href":"https:\/\/claudiamendizabal.com\/index.php\/wp-json\/wp\/v2\/comments?post=648"}],"version-history":[{"count":3,"href":"https:\/\/claudiamendizabal.com\/index.php\/wp-json\/wp\/v2\/posts\/648\/revisions"}],"predecessor-version":[{"id":653,"href":"https:\/\/claudiamendizabal.com\/index.php\/wp-json\/wp\/v2\/posts\/648\/revisions\/653"}],"wp:featuredmedia":[{"embeddable":true,"href":"https:\/\/claudiamendizabal.com\/index.php\/wp-json\/wp\/v2\/media\/651"}],"wp:attachment":[{"href":"https:\/\/claudiamendizabal.com\/index.php\/wp-json\/wp\/v2\/media?parent=648"}],"wp:term":[{"taxonomy":"category","embeddable":true,"href":"https:\/\/claudiamendizabal.com\/index.php\/wp-json\/wp\/v2\/categories?post=648"},{"taxonomy":"post_tag","embeddable":true,"href":"https:\/\/claudiamendizabal.com\/index.php\/wp-json\/wp\/v2\/tags?post=648"}],"curies":[{"name":"wp","href":"https:\/\/api.w.org\/{rel}","templated":true}]}}